{"id":1519,"date":"2026-03-03T13:14:48","date_gmt":"2026-03-03T13:14:48","guid":{"rendered":"https:\/\/cispeo.org\/insertion-sociale-professionnelle\/?p=1519"},"modified":"2026-04-22T07:05:26","modified_gmt":"2026-04-22T07:05:26","slug":"les-ateliers-numeriques","status":"publish","type":"post","link":"https:\/\/cispeo.org\/insertion-sociale-professionnelle\/les-ateliers-numeriques\/","title":{"rendered":"Les Ateliers Num\u00e9riques\u00a0"},"content":{"rendered":"\n[et_pb_section fb_built=\u00a0\u00bb1&Prime; theme_builder_area=\u00a0\u00bbpost_content\u00a0\u00bb _builder_version=\u00a0\u00bb4.27.6&Prime; _module_preset=\u00a0\u00bbdefault\u00a0\u00bb][\/et_pb_section][et_pb_section fb_built=\u00a0\u00bb1&Prime; theme_builder_area=\u00a0\u00bbpost_content\u00a0\u00bb _builder_version=\u00a0\u00bb4.27.6&Prime; _module_preset=\u00a0\u00bbdefault\u00a0\u00bb][et_pb_row _builder_version=\u00a0\u00bb4.27.6&Prime; _module_preset=\u00a0\u00bbdefault\u00a0\u00bb theme_builder_area=\u00a0\u00bbpost_content\u00a0\u00bb][et_pb_column _builder_version=\u00a0\u00bb4.27.6&Prime; _module_preset=\u00a0\u00bbdefault\u00a0\u00bb type=\u00a0\u00bb4_4&Prime; theme_builder_area=\u00a0\u00bbpost_content\u00a0\u00bb][et_pb_image src=\u00a0\u00bbhttps:\/\/cispeo.org\/insertion-sociale-professionnelle\/wp-content\/uploads\/2026\/04\/Ateliers-numeriques-2eme-trimestre-2026-Affiche_page-0001.jpg\u00a0\u00bb _builder_version=\u00a0\u00bb4.27.6&Prime; _module_preset=\u00a0\u00bbdefault\u00a0\u00bb theme_builder_area=\u00a0\u00bbpost_content\u00a0\u00bb title_text=\u00a0\u00bbAteliers num\u00e9riques 2\u00e8me trimestre 2026 &#8211; Affiche_page-0001&Prime; hover_enabled=\u00a0\u00bb0&Prime; sticky_enabled=\u00a0\u00bb0&Prime;][\/et_pb_image][\/et_pb_column][\/et_pb_row][\/et_pb_section]\n","protected":false},"excerpt":{"rendered":"","protected":false},"author":1,"featured_media":1623,"comment_status":"open","ping_status":"open","sticky":false,"template":"","format":"standard","meta":{"_et_pb_use_builder":"on","_et_pb_old_content":"<!-- wp:divi\/placeholder \/-->","_et_gb_content_width":"2880","footnotes":""},"categories":[1],"tags":[],"class_list":["post-1519","post","type-post","status-publish","format-standard","has-post-thumbnail","hentry","category-uncategorized"],"yoast_head":"<!-- This site is optimized with the Yoast SEO plugin v27.3 - https:\/\/yoast.com\/product\/yoast-seo-wordpress\/ -->\n<title>Les Ateliers Num\u00e9riques\u00a0 - Cispeo<\/title>\n<meta name=\"robots\" content=\"index, follow, max-snippet:-1, max-image-preview:large, max-video-preview:-1\" \/>\n<link rel=\"canonical\" href=\"https:\/\/cispeo.org\/insertion-sociale-professionnelle\/les-ateliers-numeriques\/\" \/>\n<meta property=\"og:locale\" content=\"fr_FR\" \/>\n<meta property=\"og:type\" content=\"article\" \/>\n<meta property=\"og:title\" content=\"Les Ateliers Num\u00e9riques\u00a0 - Cispeo\" \/>\n<meta property=\"og:url\" content=\"https:\/\/cispeo.org\/insertion-sociale-professionnelle\/les-ateliers-numeriques\/\" \/>\n<meta property=\"og:site_name\" content=\"Cispeo\" \/>\n<meta property=\"article:published_time\" content=\"2026-03-03T13:14:48+00:00\" \/>\n<meta property=\"article:modified_time\" content=\"2026-04-22T07:05:26+00:00\" \/>\n<meta property=\"og:image\" content=\"https:\/\/cispeo.org\/insertion-sociale-professionnelle\/wp-content\/uploads\/2026\/03\/Ateliers-numeriques-2eme-trimestre-2026-A-ffiche_page-0001.jpg\" \/>\n\t<meta property=\"og:image:width\" content=\"1241\" \/>\n\t<meta property=\"og:image:height\" content=\"1755\" \/>\n\t<meta property=\"og:image:type\" content=\"image\/jpeg\" \/>\n<meta name=\"author\" content=\"comymedia\" \/>\n<meta name=\"twitter:card\" content=\"summary_large_image\" \/>\n<meta name=\"twitter:label1\" content=\"\u00c9crit par\" \/>\n\t<meta name=\"twitter:data1\" content=\"comymedia\" \/>\n\t<meta name=\"twitter:label2\" content=\"Dur\u00e9e de lecture estim\u00e9e\" \/>\n\t<meta name=\"twitter:data2\" content=\"1 minute\" \/>\n<script type=\"application\/ld+json\" class=\"yoast-schema-graph\">{\"@context\":\"https:\\\/\\\/schema.org\",\"@graph\":[{\"@type\":\"Article\",\"@id\":\"https:\\\/\\\/cispeo.org\\\/insertion-sociale-professionnelle\\\/les-ateliers-numeriques\\\/#article\",\"isPartOf\":{\"@id\":\"https:\\\/\\\/cispeo.org\\\/insertion-sociale-professionnelle\\\/les-ateliers-numeriques\\\/\"},\"author\":{\"name\":\"comymedia\",\"@id\":\"https:\\\/\\\/cispeo.org\\\/insertion-sociale-professionnelle\\\/#\\\/schema\\\/person\\\/8f5f3eb86c62ac68d15f38958146f40c\"},\"headline\":\"Les Ateliers Num\u00e9riques\u00a0\",\"datePublished\":\"2026-03-03T13:14:48+00:00\",\"dateModified\":\"2026-04-22T07:05:26+00:00\",\"mainEntityOfPage\":{\"@id\":\"https:\\\/\\\/cispeo.org\\\/insertion-sociale-professionnelle\\\/les-ateliers-numeriques\\\/\"},\"wordCount\":115,\"commentCount\":0,\"image\":{\"@id\":\"https:\\\/\\\/cispeo.org\\\/insertion-sociale-professionnelle\\\/les-ateliers-numeriques\\\/#primaryimage\"},\"thumbnailUrl\":\"https:\\\/\\\/cispeo.org\\\/insertion-sociale-professionnelle\\\/wp-content\\\/uploads\\\/2026\\\/03\\\/Ateliers-numeriques-2eme-trimestre-2026-A-ffiche_page-0001.jpg\",\"articleSection\":[\"Uncategorized\"],\"inLanguage\":\"fr-FR\",\"potentialAction\":[{\"@type\":\"CommentAction\",\"name\":\"Comment\",\"target\":[\"https:\\\/\\\/cispeo.org\\\/insertion-sociale-professionnelle\\\/les-ateliers-numeriques\\\/#respond\"]}]},{\"@type\":\"WebPage\",\"@id\":\"https:\\\/\\\/cispeo.org\\\/insertion-sociale-professionnelle\\\/les-ateliers-numeriques\\\/\",\"url\":\"https:\\\/\\\/cispeo.org\\\/insertion-sociale-professionnelle\\\/les-ateliers-numeriques\\\/\",\"name\":\"Les Ateliers Num\u00e9riques\u00a0 - Cispeo\",\"isPartOf\":{\"@id\":\"https:\\\/\\\/cispeo.org\\\/insertion-sociale-professionnelle\\\/#website\"},\"primaryImageOfPage\":{\"@id\":\"https:\\\/\\\/cispeo.org\\\/insertion-sociale-professionnelle\\\/les-ateliers-numeriques\\\/#primaryimage\"},\"image\":{\"@id\":\"https:\\\/\\\/cispeo.org\\\/insertion-sociale-professionnelle\\\/les-ateliers-numeriques\\\/#primaryimage\"},\"thumbnailUrl\":\"https:\\\/\\\/cispeo.org\\\/insertion-sociale-professionnelle\\\/wp-content\\\/uploads\\\/2026\\\/03\\\/Ateliers-numeriques-2eme-trimestre-2026-A-ffiche_page-0001.jpg\",\"datePublished\":\"2026-03-03T13:14:48+00:00\",\"dateModified\":\"2026-04-22T07:05:26+00:00\",\"author\":{\"@id\":\"https:\\\/\\\/cispeo.org\\\/insertion-sociale-professionnelle\\\/#\\\/schema\\\/person\\\/8f5f3eb86c62ac68d15f38958146f40c\"},\"breadcrumb\":{\"@id\":\"https:\\\/\\\/cispeo.org\\\/insertion-sociale-professionnelle\\\/les-ateliers-numeriques\\\/#breadcrumb\"},\"inLanguage\":\"fr-FR\",\"potentialAction\":[{\"@type\":\"ReadAction\",\"target\":[\"https:\\\/\\\/cispeo.org\\\/insertion-sociale-professionnelle\\\/les-ateliers-numeriques\\\/\"]}]},{\"@type\":\"ImageObject\",\"inLanguage\":\"fr-FR\",\"@id\":\"https:\\\/\\\/cispeo.org\\\/insertion-sociale-professionnelle\\\/les-ateliers-numeriques\\\/#primaryimage\",\"url\":\"https:\\\/\\\/cispeo.org\\\/insertion-sociale-professionnelle\\\/wp-content\\\/uploads\\\/2026\\\/03\\\/Ateliers-numeriques-2eme-trimestre-2026-A-ffiche_page-0001.jpg\",\"contentUrl\":\"https:\\\/\\\/cispeo.org\\\/insertion-sociale-professionnelle\\\/wp-content\\\/uploads\\\/2026\\\/03\\\/Ateliers-numeriques-2eme-trimestre-2026-A-ffiche_page-0001.jpg\",\"width\":1241,\"height\":1755},{\"@type\":\"BreadcrumbList\",\"@id\":\"https:\\\/\\\/cispeo.org\\\/insertion-sociale-professionnelle\\\/les-ateliers-numeriques\\\/#breadcrumb\",\"itemListElement\":[{\"@type\":\"ListItem\",\"position\":1,\"name\":\"Accueil\",\"item\":\"https:\\\/\\\/cispeo.org\\\/insertion-sociale-professionnelle\\\/\"},{\"@type\":\"ListItem\",\"position\":2,\"name\":\"Les Ateliers Num\u00e9riques\u00a0\"}]},{\"@type\":\"WebSite\",\"@id\":\"https:\\\/\\\/cispeo.org\\\/insertion-sociale-professionnelle\\\/#website\",\"url\":\"https:\\\/\\\/cispeo.org\\\/insertion-sociale-professionnelle\\\/\",\"name\":\"Cispeo\",\"description\":\"Une boite \u00e0 outils d\u00e9di\u00e9e \u00e0 l\u2019insertion des personnes\",\"potentialAction\":[{\"@type\":\"SearchAction\",\"target\":{\"@type\":\"EntryPoint\",\"urlTemplate\":\"https:\\\/\\\/cispeo.org\\\/insertion-sociale-professionnelle\\\/?s={search_term_string}\"},\"query-input\":{\"@type\":\"PropertyValueSpecification\",\"valueRequired\":true,\"valueName\":\"search_term_string\"}}],\"inLanguage\":\"fr-FR\"},{\"@type\":\"Person\",\"@id\":\"https:\\\/\\\/cispeo.org\\\/insertion-sociale-professionnelle\\\/#\\\/schema\\\/person\\\/8f5f3eb86c62ac68d15f38958146f40c\",\"name\":\"comymedia\",\"image\":{\"@type\":\"ImageObject\",\"inLanguage\":\"fr-FR\",\"@id\":\"https:\\\/\\\/secure.gravatar.com\\\/avatar\\\/cf29ff4641aac43cd014515944dd33062e9751cb3215d8f3786c0acd3c098806?s=96&d=mm&r=g\",\"url\":\"https:\\\/\\\/secure.gravatar.com\\\/avatar\\\/cf29ff4641aac43cd014515944dd33062e9751cb3215d8f3786c0acd3c098806?s=96&d=mm&r=g\",\"contentUrl\":\"https:\\\/\\\/secure.gravatar.com\\\/avatar\\\/cf29ff4641aac43cd014515944dd33062e9751cb3215d8f3786c0acd3c098806?s=96&d=mm&r=g\",\"caption\":\"comymedia\"},\"sameAs\":[\"https:\\\/\\\/cispeo.org\\\/insertion-sociale-professionnelle\"],\"url\":\"https:\\\/\\\/cispeo.org\\\/insertion-sociale-professionnelle\\\/author\\\/comymedia\\\/\"}]}<\/script>\n<!-- \/ Yoast SEO plugin. -->","yoast_head_json":{"title":"Les Ateliers Num\u00e9riques\u00a0 - Cispeo","robots":{"index":"index","follow":"follow","max-snippet":"max-snippet:-1","max-image-preview":"max-image-preview:large","max-video-preview":"max-video-preview:-1"},"canonical":"https:\/\/cispeo.org\/insertion-sociale-professionnelle\/les-ateliers-numeriques\/","og_locale":"fr_FR","og_type":"article","og_title":"Les Ateliers Num\u00e9riques\u00a0 - Cispeo","og_url":"https:\/\/cispeo.org\/insertion-sociale-professionnelle\/les-ateliers-numeriques\/","og_site_name":"Cispeo","article_published_time":"2026-03-03T13:14:48+00:00","article_modified_time":"2026-04-22T07:05:26+00:00","og_image":[{"width":1241,"height":1755,"url":"https:\/\/cispeo.org\/insertion-sociale-professionnelle\/wp-content\/uploads\/2026\/03\/Ateliers-numeriques-2eme-trimestre-2026-A-ffiche_page-0001.jpg","type":"image\/jpeg"}],"author":"comymedia","twitter_card":"summary_large_image","twitter_misc":{"\u00c9crit par":"comymedia","Dur\u00e9e de lecture estim\u00e9e":"1 minute"},"schema":{"@context":"https:\/\/schema.org","@graph":[{"@type":"Article","@id":"https:\/\/cispeo.org\/insertion-sociale-professionnelle\/les-ateliers-numeriques\/#article","isPartOf":{"@id":"https:\/\/cispeo.org\/insertion-sociale-professionnelle\/les-ateliers-numeriques\/"},"author":{"name":"comymedia","@id":"https:\/\/cispeo.org\/insertion-sociale-professionnelle\/#\/schema\/person\/8f5f3eb86c62ac68d15f38958146f40c"},"headline":"Les Ateliers Num\u00e9riques\u00a0","datePublished":"2026-03-03T13:14:48+00:00","dateModified":"2026-04-22T07:05:26+00:00","mainEntityOfPage":{"@id":"https:\/\/cispeo.org\/insertion-sociale-professionnelle\/les-ateliers-numeriques\/"},"wordCount":115,"commentCount":0,"image":{"@id":"https:\/\/cispeo.org\/insertion-sociale-professionnelle\/les-ateliers-numeriques\/#primaryimage"},"thumbnailUrl":"https:\/\/cispeo.org\/insertion-sociale-professionnelle\/wp-content\/uploads\/2026\/03\/Ateliers-numeriques-2eme-trimestre-2026-A-ffiche_page-0001.jpg","articleSection":["Uncategorized"],"inLanguage":"fr-FR","potentialAction":[{"@type":"CommentAction","name":"Comment","target":["https:\/\/cispeo.org\/insertion-sociale-professionnelle\/les-ateliers-numeriques\/#respond"]}]},{"@type":"WebPage","@id":"https:\/\/cispeo.org\/insertion-sociale-professionnelle\/les-ateliers-numeriques\/","url":"https:\/\/cispeo.org\/insertion-sociale-professionnelle\/les-ateliers-numeriques\/","name":"Les Ateliers Num\u00e9riques\u00a0 - Cispeo","isPartOf":{"@id":"https:\/\/cispeo.org\/insertion-sociale-professionnelle\/#website"},"primaryImageOfPage":{"@id":"https:\/\/cispeo.org\/insertion-sociale-professionnelle\/les-ateliers-numeriques\/#primaryimage"},"image":{"@id":"https:\/\/cispeo.org\/insertion-sociale-professionnelle\/les-ateliers-numeriques\/#primaryimage"},"thumbnailUrl":"https:\/\/cispeo.org\/insertion-sociale-professionnelle\/wp-content\/uploads\/2026\/03\/Ateliers-numeriques-2eme-trimestre-2026-A-ffiche_page-0001.jpg","datePublished":"2026-03-03T13:14:48+00:00","dateModified":"2026-04-22T07:05:26+00:00","author":{"@id":"https:\/\/cispeo.org\/insertion-sociale-professionnelle\/#\/schema\/person\/8f5f3eb86c62ac68d15f38958146f40c"},"breadcrumb":{"@id":"https:\/\/cispeo.org\/insertion-sociale-professionnelle\/les-ateliers-numeriques\/#breadcrumb"},"inLanguage":"fr-FR","potentialAction":[{"@type":"ReadAction","target":["https:\/\/cispeo.org\/insertion-sociale-professionnelle\/les-ateliers-numeriques\/"]}]},{"@type":"ImageObject","inLanguage":"fr-FR","@id":"https:\/\/cispeo.org\/insertion-sociale-professionnelle\/les-ateliers-numeriques\/#primaryimage","url":"https:\/\/cispeo.org\/insertion-sociale-professionnelle\/wp-content\/uploads\/2026\/03\/Ateliers-numeriques-2eme-trimestre-2026-A-ffiche_page-0001.jpg","contentUrl":"https:\/\/cispeo.org\/insertion-sociale-professionnelle\/wp-content\/uploads\/2026\/03\/Ateliers-numeriques-2eme-trimestre-2026-A-ffiche_page-0001.jpg","width":1241,"height":1755},{"@type":"BreadcrumbList","@id":"https:\/\/cispeo.org\/insertion-sociale-professionnelle\/les-ateliers-numeriques\/#breadcrumb","itemListElement":[{"@type":"ListItem","position":1,"name":"Accueil","item":"https:\/\/cispeo.org\/insertion-sociale-professionnelle\/"},{"@type":"ListItem","position":2,"name":"Les Ateliers Num\u00e9riques\u00a0"}]},{"@type":"WebSite","@id":"https:\/\/cispeo.org\/insertion-sociale-professionnelle\/#website","url":"https:\/\/cispeo.org\/insertion-sociale-professionnelle\/","name":"Cispeo","description":"Une boite \u00e0 outils d\u00e9di\u00e9e \u00e0 l\u2019insertion des personnes","potentialAction":[{"@type":"SearchAction","target":{"@type":"EntryPoint","urlTemplate":"https:\/\/cispeo.org\/insertion-sociale-professionnelle\/?s={search_term_string}"},"query-input":{"@type":"PropertyValueSpecification","valueRequired":true,"valueName":"search_term_string"}}],"inLanguage":"fr-FR"},{"@type":"Person","@id":"https:\/\/cispeo.org\/insertion-sociale-professionnelle\/#\/schema\/person\/8f5f3eb86c62ac68d15f38958146f40c","name":"comymedia","image":{"@type":"ImageObject","inLanguage":"fr-FR","@id":"https:\/\/secure.gravatar.com\/avatar\/cf29ff4641aac43cd014515944dd33062e9751cb3215d8f3786c0acd3c098806?s=96&d=mm&r=g","url":"https:\/\/secure.gravatar.com\/avatar\/cf29ff4641aac43cd014515944dd33062e9751cb3215d8f3786c0acd3c098806?s=96&d=mm&r=g","contentUrl":"https:\/\/secure.gravatar.com\/avatar\/cf29ff4641aac43cd014515944dd33062e9751cb3215d8f3786c0acd3c098806?s=96&d=mm&r=g","caption":"comymedia"},"sameAs":["https:\/\/cispeo.org\/insertion-sociale-professionnelle"],"url":"https:\/\/cispeo.org\/insertion-sociale-professionnelle\/author\/comymedia\/"}]}},"_links":{"self":[{"href":"https:\/\/cispeo.org\/insertion-sociale-professionnelle\/wp-json\/wp\/v2\/posts\/1519","targetHints":{"allow":["GET"]}}],"collection":[{"href":"https:\/\/cispeo.org\/insertion-sociale-professionnelle\/wp-json\/wp\/v2\/posts"}],"about":[{"href":"https:\/\/cispeo.org\/insertion-sociale-professionnelle\/wp-json\/wp\/v2\/types\/post"}],"author":[{"embeddable":true,"href":"https:\/\/cispeo.org\/insertion-sociale-professionnelle\/wp-json\/wp\/v2\/users\/1"}],"replies":[{"embeddable":true,"href":"https:\/\/cispeo.org\/insertion-sociale-professionnelle\/wp-json\/wp\/v2\/comments?post=1519"}],"version-history":[{"count":7,"href":"https:\/\/cispeo.org\/insertion-sociale-professionnelle\/wp-json\/wp\/v2\/posts\/1519\/revisions"}],"predecessor-version":[{"id":1629,"href":"https:\/\/cispeo.org\/insertion-sociale-professionnelle\/wp-json\/wp\/v2\/posts\/1519\/revisions\/1629"}],"wp:featuredmedia":[{"embeddable":true,"href":"https:\/\/cispeo.org\/insertion-sociale-professionnelle\/wp-json\/wp\/v2\/media\/1623"}],"wp:attachment":[{"href":"https:\/\/cispeo.org\/insertion-sociale-professionnelle\/wp-json\/wp\/v2\/media?parent=1519"}],"wp:term":[{"taxonomy":"category","embeddable":true,"href":"https:\/\/cispeo.org\/insertion-sociale-professionnelle\/wp-json\/wp\/v2\/categories?post=1519"},{"taxonomy":"post_tag","embeddable":true,"href":"https:\/\/cispeo.org\/insertion-sociale-professionnelle\/wp-json\/wp\/v2\/tags?post=1519"}],"curies":[{"name":"wp","href":"https:\/\/api.w.org\/{rel}","templated":true}]}}