{"id":1513,"date":"2026-03-03T10:58:53","date_gmt":"2026-03-03T10:58:53","guid":{"rendered":"https:\/\/cispeo.org\/insertion-sociale-professionnelle\/?p=1513"},"modified":"2026-03-03T10:58:59","modified_gmt":"2026-03-03T10:58:59","slug":"les-mercredis-creatifs","status":"publish","type":"post","link":"https:\/\/cispeo.org\/insertion-sociale-professionnelle\/les-mercredis-creatifs\/","title":{"rendered":"Les Mercredis Cr\u00e9atifs\u00a0"},"content":{"rendered":"","protected":false},"excerpt":{"rendered":"","protected":false},"author":1,"featured_media":1349,"comment_status":"open","ping_status":"open","sticky":false,"template":"","format":"standard","meta":{"_et_pb_use_builder":"on","_et_pb_old_content":"","_et_gb_content_width":"","footnotes":""},"categories":[1],"tags":[],"class_list":["post-1513","post","type-post","status-publish","format-standard","has-post-thumbnail","hentry","category-uncategorized"],"yoast_head":"<!-- This site is optimized with the Yoast SEO plugin v27.3 - https:\/\/yoast.com\/product\/yoast-seo-wordpress\/ -->\n<title>Les Mercredis Cr\u00e9atifs\u00a0 - Cispeo<\/title>\n<meta name=\"robots\" content=\"index, follow, max-snippet:-1, max-image-preview:large, max-video-preview:-1\" \/>\n<link rel=\"canonical\" href=\"https:\/\/cispeo.org\/insertion-sociale-professionnelle\/les-mercredis-creatifs\/\" \/>\n<meta property=\"og:locale\" content=\"fr_FR\" \/>\n<meta property=\"og:type\" content=\"article\" \/>\n<meta property=\"og:title\" content=\"Les Mercredis Cr\u00e9atifs\u00a0 - Cispeo\" \/>\n<meta property=\"og:url\" content=\"https:\/\/cispeo.org\/insertion-sociale-professionnelle\/les-mercredis-creatifs\/\" \/>\n<meta property=\"og:site_name\" content=\"Cispeo\" \/>\n<meta property=\"article:published_time\" content=\"2026-03-03T10:58:53+00:00\" \/>\n<meta property=\"article:modified_time\" content=\"2026-03-03T10:58:59+00:00\" \/>\n<meta property=\"og:image\" content=\"https:\/\/cispeo.org\/insertion-sociale-professionnelle\/wp-content\/uploads\/2026\/02\/LES-MERCREDIS-CREATIFS-1-5-scaled.jpg\" \/>\n\t<meta property=\"og:image:width\" content=\"1810\" \/>\n\t<meta property=\"og:image:height\" content=\"2560\" \/>\n\t<meta property=\"og:image:type\" content=\"image\/jpeg\" \/>\n<meta name=\"author\" content=\"comymedia\" \/>\n<meta name=\"twitter:card\" content=\"summary_large_image\" \/>\n<meta name=\"twitter:label1\" content=\"\u00c9crit par\" \/>\n\t<meta name=\"twitter:data1\" content=\"comymedia\" \/>\n\t<meta name=\"twitter:label2\" content=\"Dur\u00e9e de lecture estim\u00e9e\" \/>\n\t<meta name=\"twitter:data2\" content=\"1 minute\" \/>\n<script type=\"application\/ld+json\" class=\"yoast-schema-graph\">{\"@context\":\"https:\\\/\\\/schema.org\",\"@graph\":[{\"@type\":\"Article\",\"@id\":\"https:\\\/\\\/cispeo.org\\\/insertion-sociale-professionnelle\\\/les-mercredis-creatifs\\\/#article\",\"isPartOf\":{\"@id\":\"https:\\\/\\\/cispeo.org\\\/insertion-sociale-professionnelle\\\/les-mercredis-creatifs\\\/\"},\"author\":{\"name\":\"comymedia\",\"@id\":\"https:\\\/\\\/cispeo.org\\\/insertion-sociale-professionnelle\\\/#\\\/schema\\\/person\\\/8f5f3eb86c62ac68d15f38958146f40c\"},\"headline\":\"Les Mercredis Cr\u00e9atifs\u00a0\",\"datePublished\":\"2026-03-03T10:58:53+00:00\",\"dateModified\":\"2026-03-03T10:58:59+00:00\",\"mainEntityOfPage\":{\"@id\":\"https:\\\/\\\/cispeo.org\\\/insertion-sociale-professionnelle\\\/les-mercredis-creatifs\\\/\"},\"wordCount\":4,\"commentCount\":0,\"image\":{\"@id\":\"https:\\\/\\\/cispeo.org\\\/insertion-sociale-professionnelle\\\/les-mercredis-creatifs\\\/#primaryimage\"},\"thumbnailUrl\":\"https:\\\/\\\/cispeo.org\\\/insertion-sociale-professionnelle\\\/wp-content\\\/uploads\\\/2026\\\/02\\\/LES-MERCREDIS-CREATIFS-1-5-scaled.jpg\",\"articleSection\":[\"Uncategorized\"],\"inLanguage\":\"fr-FR\",\"potentialAction\":[{\"@type\":\"CommentAction\",\"name\":\"Comment\",\"target\":[\"https:\\\/\\\/cispeo.org\\\/insertion-sociale-professionnelle\\\/les-mercredis-creatifs\\\/#respond\"]}]},{\"@type\":\"WebPage\",\"@id\":\"https:\\\/\\\/cispeo.org\\\/insertion-sociale-professionnelle\\\/les-mercredis-creatifs\\\/\",\"url\":\"https:\\\/\\\/cispeo.org\\\/insertion-sociale-professionnelle\\\/les-mercredis-creatifs\\\/\",\"name\":\"Les Mercredis Cr\u00e9atifs\u00a0 - Cispeo\",\"isPartOf\":{\"@id\":\"https:\\\/\\\/cispeo.org\\\/insertion-sociale-professionnelle\\\/#website\"},\"primaryImageOfPage\":{\"@id\":\"https:\\\/\\\/cispeo.org\\\/insertion-sociale-professionnelle\\\/les-mercredis-creatifs\\\/#primaryimage\"},\"image\":{\"@id\":\"https:\\\/\\\/cispeo.org\\\/insertion-sociale-professionnelle\\\/les-mercredis-creatifs\\\/#primaryimage\"},\"thumbnailUrl\":\"https:\\\/\\\/cispeo.org\\\/insertion-sociale-professionnelle\\\/wp-content\\\/uploads\\\/2026\\\/02\\\/LES-MERCREDIS-CREATIFS-1-5-scaled.jpg\",\"datePublished\":\"2026-03-03T10:58:53+00:00\",\"dateModified\":\"2026-03-03T10:58:59+00:00\",\"author\":{\"@id\":\"https:\\\/\\\/cispeo.org\\\/insertion-sociale-professionnelle\\\/#\\\/schema\\\/person\\\/8f5f3eb86c62ac68d15f38958146f40c\"},\"breadcrumb\":{\"@id\":\"https:\\\/\\\/cispeo.org\\\/insertion-sociale-professionnelle\\\/les-mercredis-creatifs\\\/#breadcrumb\"},\"inLanguage\":\"fr-FR\",\"potentialAction\":[{\"@type\":\"ReadAction\",\"target\":[\"https:\\\/\\\/cispeo.org\\\/insertion-sociale-professionnelle\\\/les-mercredis-creatifs\\\/\"]}]},{\"@type\":\"ImageObject\",\"inLanguage\":\"fr-FR\",\"@id\":\"https:\\\/\\\/cispeo.org\\\/insertion-sociale-professionnelle\\\/les-mercredis-creatifs\\\/#primaryimage\",\"url\":\"https:\\\/\\\/cispeo.org\\\/insertion-sociale-professionnelle\\\/wp-content\\\/uploads\\\/2026\\\/02\\\/LES-MERCREDIS-CREATIFS-1-5-scaled.jpg\",\"contentUrl\":\"https:\\\/\\\/cispeo.org\\\/insertion-sociale-professionnelle\\\/wp-content\\\/uploads\\\/2026\\\/02\\\/LES-MERCREDIS-CREATIFS-1-5-scaled.jpg\",\"width\":1810,\"height\":2560},{\"@type\":\"BreadcrumbList\",\"@id\":\"https:\\\/\\\/cispeo.org\\\/insertion-sociale-professionnelle\\\/les-mercredis-creatifs\\\/#breadcrumb\",\"itemListElement\":[{\"@type\":\"ListItem\",\"position\":1,\"name\":\"Accueil\",\"item\":\"https:\\\/\\\/cispeo.org\\\/insertion-sociale-professionnelle\\\/\"},{\"@type\":\"ListItem\",\"position\":2,\"name\":\"Les Mercredis Cr\u00e9atifs\u00a0\"}]},{\"@type\":\"WebSite\",\"@id\":\"https:\\\/\\\/cispeo.org\\\/insertion-sociale-professionnelle\\\/#website\",\"url\":\"https:\\\/\\\/cispeo.org\\\/insertion-sociale-professionnelle\\\/\",\"name\":\"Cispeo\",\"description\":\"Une boite \u00e0 outils d\u00e9di\u00e9e \u00e0 l\u2019insertion des personnes\",\"potentialAction\":[{\"@type\":\"SearchAction\",\"target\":{\"@type\":\"EntryPoint\",\"urlTemplate\":\"https:\\\/\\\/cispeo.org\\\/insertion-sociale-professionnelle\\\/?s={search_term_string}\"},\"query-input\":{\"@type\":\"PropertyValueSpecification\",\"valueRequired\":true,\"valueName\":\"search_term_string\"}}],\"inLanguage\":\"fr-FR\"},{\"@type\":\"Person\",\"@id\":\"https:\\\/\\\/cispeo.org\\\/insertion-sociale-professionnelle\\\/#\\\/schema\\\/person\\\/8f5f3eb86c62ac68d15f38958146f40c\",\"name\":\"comymedia\",\"image\":{\"@type\":\"ImageObject\",\"inLanguage\":\"fr-FR\",\"@id\":\"https:\\\/\\\/secure.gravatar.com\\\/avatar\\\/cf29ff4641aac43cd014515944dd33062e9751cb3215d8f3786c0acd3c098806?s=96&d=mm&r=g\",\"url\":\"https:\\\/\\\/secure.gravatar.com\\\/avatar\\\/cf29ff4641aac43cd014515944dd33062e9751cb3215d8f3786c0acd3c098806?s=96&d=mm&r=g\",\"contentUrl\":\"https:\\\/\\\/secure.gravatar.com\\\/avatar\\\/cf29ff4641aac43cd014515944dd33062e9751cb3215d8f3786c0acd3c098806?s=96&d=mm&r=g\",\"caption\":\"comymedia\"},\"sameAs\":[\"https:\\\/\\\/cispeo.org\\\/insertion-sociale-professionnelle\"],\"url\":\"https:\\\/\\\/cispeo.org\\\/insertion-sociale-professionnelle\\\/author\\\/comymedia\\\/\"}]}<\/script>\n<!-- \/ Yoast SEO plugin. -->","yoast_head_json":{"title":"Les Mercredis Cr\u00e9atifs\u00a0 - Cispeo","robots":{"index":"index","follow":"follow","max-snippet":"max-snippet:-1","max-image-preview":"max-image-preview:large","max-video-preview":"max-video-preview:-1"},"canonical":"https:\/\/cispeo.org\/insertion-sociale-professionnelle\/les-mercredis-creatifs\/","og_locale":"fr_FR","og_type":"article","og_title":"Les Mercredis Cr\u00e9atifs\u00a0 - Cispeo","og_url":"https:\/\/cispeo.org\/insertion-sociale-professionnelle\/les-mercredis-creatifs\/","og_site_name":"Cispeo","article_published_time":"2026-03-03T10:58:53+00:00","article_modified_time":"2026-03-03T10:58:59+00:00","og_image":[{"width":1810,"height":2560,"url":"https:\/\/cispeo.org\/insertion-sociale-professionnelle\/wp-content\/uploads\/2026\/02\/LES-MERCREDIS-CREATIFS-1-5-scaled.jpg","type":"image\/jpeg"}],"author":"comymedia","twitter_card":"summary_large_image","twitter_misc":{"\u00c9crit par":"comymedia","Dur\u00e9e de lecture estim\u00e9e":"1 minute"},"schema":{"@context":"https:\/\/schema.org","@graph":[{"@type":"Article","@id":"https:\/\/cispeo.org\/insertion-sociale-professionnelle\/les-mercredis-creatifs\/#article","isPartOf":{"@id":"https:\/\/cispeo.org\/insertion-sociale-professionnelle\/les-mercredis-creatifs\/"},"author":{"name":"comymedia","@id":"https:\/\/cispeo.org\/insertion-sociale-professionnelle\/#\/schema\/person\/8f5f3eb86c62ac68d15f38958146f40c"},"headline":"Les Mercredis Cr\u00e9atifs\u00a0","datePublished":"2026-03-03T10:58:53+00:00","dateModified":"2026-03-03T10:58:59+00:00","mainEntityOfPage":{"@id":"https:\/\/cispeo.org\/insertion-sociale-professionnelle\/les-mercredis-creatifs\/"},"wordCount":4,"commentCount":0,"image":{"@id":"https:\/\/cispeo.org\/insertion-sociale-professionnelle\/les-mercredis-creatifs\/#primaryimage"},"thumbnailUrl":"https:\/\/cispeo.org\/insertion-sociale-professionnelle\/wp-content\/uploads\/2026\/02\/LES-MERCREDIS-CREATIFS-1-5-scaled.jpg","articleSection":["Uncategorized"],"inLanguage":"fr-FR","potentialAction":[{"@type":"CommentAction","name":"Comment","target":["https:\/\/cispeo.org\/insertion-sociale-professionnelle\/les-mercredis-creatifs\/#respond"]}]},{"@type":"WebPage","@id":"https:\/\/cispeo.org\/insertion-sociale-professionnelle\/les-mercredis-creatifs\/","url":"https:\/\/cispeo.org\/insertion-sociale-professionnelle\/les-mercredis-creatifs\/","name":"Les Mercredis Cr\u00e9atifs\u00a0 - Cispeo","isPartOf":{"@id":"https:\/\/cispeo.org\/insertion-sociale-professionnelle\/#website"},"primaryImageOfPage":{"@id":"https:\/\/cispeo.org\/insertion-sociale-professionnelle\/les-mercredis-creatifs\/#primaryimage"},"image":{"@id":"https:\/\/cispeo.org\/insertion-sociale-professionnelle\/les-mercredis-creatifs\/#primaryimage"},"thumbnailUrl":"https:\/\/cispeo.org\/insertion-sociale-professionnelle\/wp-content\/uploads\/2026\/02\/LES-MERCREDIS-CREATIFS-1-5-scaled.jpg","datePublished":"2026-03-03T10:58:53+00:00","dateModified":"2026-03-03T10:58:59+00:00","author":{"@id":"https:\/\/cispeo.org\/insertion-sociale-professionnelle\/#\/schema\/person\/8f5f3eb86c62ac68d15f38958146f40c"},"breadcrumb":{"@id":"https:\/\/cispeo.org\/insertion-sociale-professionnelle\/les-mercredis-creatifs\/#breadcrumb"},"inLanguage":"fr-FR","potentialAction":[{"@type":"ReadAction","target":["https:\/\/cispeo.org\/insertion-sociale-professionnelle\/les-mercredis-creatifs\/"]}]},{"@type":"ImageObject","inLanguage":"fr-FR","@id":"https:\/\/cispeo.org\/insertion-sociale-professionnelle\/les-mercredis-creatifs\/#primaryimage","url":"https:\/\/cispeo.org\/insertion-sociale-professionnelle\/wp-content\/uploads\/2026\/02\/LES-MERCREDIS-CREATIFS-1-5-scaled.jpg","contentUrl":"https:\/\/cispeo.org\/insertion-sociale-professionnelle\/wp-content\/uploads\/2026\/02\/LES-MERCREDIS-CREATIFS-1-5-scaled.jpg","width":1810,"height":2560},{"@type":"BreadcrumbList","@id":"https:\/\/cispeo.org\/insertion-sociale-professionnelle\/les-mercredis-creatifs\/#breadcrumb","itemListElement":[{"@type":"ListItem","position":1,"name":"Accueil","item":"https:\/\/cispeo.org\/insertion-sociale-professionnelle\/"},{"@type":"ListItem","position":2,"name":"Les Mercredis Cr\u00e9atifs\u00a0"}]},{"@type":"WebSite","@id":"https:\/\/cispeo.org\/insertion-sociale-professionnelle\/#website","url":"https:\/\/cispeo.org\/insertion-sociale-professionnelle\/","name":"Cispeo","description":"Une boite \u00e0 outils d\u00e9di\u00e9e \u00e0 l\u2019insertion des personnes","potentialAction":[{"@type":"SearchAction","target":{"@type":"EntryPoint","urlTemplate":"https:\/\/cispeo.org\/insertion-sociale-professionnelle\/?s={search_term_string}"},"query-input":{"@type":"PropertyValueSpecification","valueRequired":true,"valueName":"search_term_string"}}],"inLanguage":"fr-FR"},{"@type":"Person","@id":"https:\/\/cispeo.org\/insertion-sociale-professionnelle\/#\/schema\/person\/8f5f3eb86c62ac68d15f38958146f40c","name":"comymedia","image":{"@type":"ImageObject","inLanguage":"fr-FR","@id":"https:\/\/secure.gravatar.com\/avatar\/cf29ff4641aac43cd014515944dd33062e9751cb3215d8f3786c0acd3c098806?s=96&d=mm&r=g","url":"https:\/\/secure.gravatar.com\/avatar\/cf29ff4641aac43cd014515944dd33062e9751cb3215d8f3786c0acd3c098806?s=96&d=mm&r=g","contentUrl":"https:\/\/secure.gravatar.com\/avatar\/cf29ff4641aac43cd014515944dd33062e9751cb3215d8f3786c0acd3c098806?s=96&d=mm&r=g","caption":"comymedia"},"sameAs":["https:\/\/cispeo.org\/insertion-sociale-professionnelle"],"url":"https:\/\/cispeo.org\/insertion-sociale-professionnelle\/author\/comymedia\/"}]}},"_links":{"self":[{"href":"https:\/\/cispeo.org\/insertion-sociale-professionnelle\/wp-json\/wp\/v2\/posts\/1513","targetHints":{"allow":["GET"]}}],"collection":[{"href":"https:\/\/cispeo.org\/insertion-sociale-professionnelle\/wp-json\/wp\/v2\/posts"}],"about":[{"href":"https:\/\/cispeo.org\/insertion-sociale-professionnelle\/wp-json\/wp\/v2\/types\/post"}],"author":[{"embeddable":true,"href":"https:\/\/cispeo.org\/insertion-sociale-professionnelle\/wp-json\/wp\/v2\/users\/1"}],"replies":[{"embeddable":true,"href":"https:\/\/cispeo.org\/insertion-sociale-professionnelle\/wp-json\/wp\/v2\/comments?post=1513"}],"version-history":[{"count":1,"href":"https:\/\/cispeo.org\/insertion-sociale-professionnelle\/wp-json\/wp\/v2\/posts\/1513\/revisions"}],"predecessor-version":[{"id":1514,"href":"https:\/\/cispeo.org\/insertion-sociale-professionnelle\/wp-json\/wp\/v2\/posts\/1513\/revisions\/1514"}],"wp:featuredmedia":[{"embeddable":true,"href":"https:\/\/cispeo.org\/insertion-sociale-professionnelle\/wp-json\/wp\/v2\/media\/1349"}],"wp:attachment":[{"href":"https:\/\/cispeo.org\/insertion-sociale-professionnelle\/wp-json\/wp\/v2\/media?parent=1513"}],"wp:term":[{"taxonomy":"category","embeddable":true,"href":"https:\/\/cispeo.org\/insertion-sociale-professionnelle\/wp-json\/wp\/v2\/categories?post=1513"},{"taxonomy":"post_tag","embeddable":true,"href":"https:\/\/cispeo.org\/insertion-sociale-professionnelle\/wp-json\/wp\/v2\/tags?post=1513"}],"curies":[{"name":"wp","href":"https:\/\/api.w.org\/{rel}","templated":true}]}}